{"id":22,"date":"2007-11-08T17:55:26","date_gmt":"2007-11-08T16:55:26","guid":{"rendered":"http:\/\/janscholten.de\/blog\/2007\/11\/geburtstag-baby-und-laminat\/"},"modified":"2007-11-08T17:55:26","modified_gmt":"2007-11-08T16:55:26","slug":"geburtstag-baby-und-laminat","status":"publish","type":"post","link":"https:\/\/janscholten.de\/blog\/2007\/11\/geburtstag-baby-und-laminat\/","title":{"rendered":"Geburtstag, Baby und Laminat"},"content":{"rendered":"<p>Lange nichts mehr geschrieben.<\/p>\n<p>Knapp drei Wochen dauert es jetzt noch bis zum Tag der Tage, hoffentlich geht alles gut. Die Untersuchungen sind alle im normalen Rahmen, wachsen wachsen wachsen scheint angesagt, der Bach meiner Freundin wird kugeliger und fester.<\/p>\n<p>Zwischendurch bin ich \u00c4lter geworden, hab trage jetzt die 3 vorneweg und f\u00fchle mich psychisch deswegen angegriffen. K\u00f6rperlich ist allerdings kein rascher Verfall feststellbar gewesen *g*<br \/>\nSeit meinem Geburtstag bin ich stolzer Besitzer einer Wii ein paar Games kommen jetzt noch dazu &#8211; nicht das ich dazu in Zukunft noch Zeit h\u00e4tte, aber egal!<\/p>\n<p>Kurz vor knapp haben wir im Wohnzimmer und K\u00fcche noch Laminat gelegt viel Arbeit, bis jetzt alles wieder einger\u00e4umt und angeschraubt ist vergeht noch ein bischen mehr Zeit. Nat\u00fcrlich war der Ablauf der Waschmaschine nicht 100% dicht und so hatten wir gleich Wasser auf dem neuen Laminat &#8211; aber es scheint noch zu leben.<\/p>\n","protected":false},"excerpt":{"rendered":"<p>Lange nichts mehr geschrieben. Knapp drei Wochen dauert es jetzt noch bis zum Tag der Tage, hoffentlich geht alles gut. Die Untersuchungen sind alle im normalen Rahmen, wachsen wachsen wachsen scheint angesagt, der Bach meiner Freundin wird kugeliger und fester. Zwischendurch bin ich \u00c4lter geworden, hab trage jetzt die 3 vorneweg und f\u00fchle mich psychisch &hellip; <a href=\"https:\/\/janscholten.de\/blog\/2007\/11\/geburtstag-baby-und-laminat\/\" class=\"more-link\"><span class=\"screen-reader-text\">Geburtstag, Baby und Laminat<\/span> weiterlesen<\/a><\/p>\n","protected":false},"author":1,"featured_media":0,"comment_status":"open","ping_status":"open","sticky":false,"template":"","format":"standard","meta":{"footnotes":""},"categories":[1,7,6],"tags":[],"class_list":["post-22","post","type-post","status-publish","format-standard","hentry","category-allgemein","category-erfahrungen","category-privates"],"_links":{"self":[{"href":"https:\/\/janscholten.de\/blog\/wp-json\/wp\/v2\/posts\/22","targetHints":{"allow":["GET"]}}],"collection":[{"href":"https:\/\/janscholten.de\/blog\/wp-json\/wp\/v2\/posts"}],"about":[{"href":"https:\/\/janscholten.de\/blog\/wp-json\/wp\/v2\/types\/post"}],"author":[{"embeddable":true,"href":"https:\/\/janscholten.de\/blog\/wp-json\/wp\/v2\/users\/1"}],"replies":[{"embeddable":true,"href":"https:\/\/janscholten.de\/blog\/wp-json\/wp\/v2\/comments?post=22"}],"version-history":[{"count":0,"href":"https:\/\/janscholten.de\/blog\/wp-json\/wp\/v2\/posts\/22\/revisions"}],"wp:attachment":[{"href":"https:\/\/janscholten.de\/blog\/wp-json\/wp\/v2\/media?parent=22"}],"wp:term":[{"taxonomy":"category","embeddable":true,"href":"https:\/\/janscholten.de\/blog\/wp-json\/wp\/v2\/categories?post=22"},{"taxonomy":"post_tag","embeddable":true,"href":"https:\/\/janscholten.de\/blog\/wp-json\/wp\/v2\/tags?post=22"}],"curies":[{"name":"wp","href":"https:\/\/api.w.org\/{rel}","templated":true}]}}